{"id":988,"date":"2020-12-01T18:11:28","date_gmt":"2020-12-01T18:11:28","guid":{"rendered":"http:\/\/etxabakoitz.info\/?p=988"},"modified":"2021-01-07T23:22:46","modified_gmt":"2021-01-07T23:22:46","slug":"hola-barrio-kaixo-auzo","status":"publish","type":"post","link":"https:\/\/etxabakoitz.info\/?p=988","title":{"rendered":"\u00a1Hola barrio!\u00a0 Kaixo auzoa!"},"content":{"rendered":"<p><a href=\"https:\/\/etxabakoitz.info\/wp-content\/uploads\/2020\/12\/Etxabakoitz-Bizirik-20-urte.jpg\"><img fetchpriority=\"high\" decoding=\"async\" class=\"alignleft wp-image-994\" src=\"https:\/\/etxabakoitz.info\/wp-content\/uploads\/2020\/12\/Etxabakoitz-Bizirik-20-urte.jpg\" alt=\"\" width=\"268\" height=\"328\" srcset=\"https:\/\/etxabakoitz.info\/wp-content\/uploads\/2020\/12\/Etxabakoitz-Bizirik-20-urte.jpg 785w, https:\/\/etxabakoitz.info\/wp-content\/uploads\/2020\/12\/Etxabakoitz-Bizirik-20-urte-245x300.jpg 245w, https:\/\/etxabakoitz.info\/wp-content\/uploads\/2020\/12\/Etxabakoitz-Bizirik-20-urte-768x939.jpg 768w\" sizes=\"(max-width: 268px) 100vw, 268px\" \/><\/a>Somos la Asociaci\u00f3n del barrio Etxabakoitz Bizirik, que llevamos cerca de 20 a\u00f1os promoviendo la defensa de los derechos de los ni\u00f1os y las ni\u00f1as, la convivencia y la cohesi\u00f3n social entre las gentes del barrio.<\/p>\n<p>Muchos de vosotras y vosotras nos conocer\u00e9is porque sois cientos de vecinas y vecinos\u00a0 que a lo largo de estos a\u00f1os hab\u00e9is pasado o tenido contacto con la Asociaci\u00f3n de diferentes maneras.<\/p>\n<p>Muchas de las personas que fuisteis txikis hoy en d\u00eda soy monitoras de la Asociaci\u00f3n. Promoviendo la solidaridad intervecinal con may\u00fasculas.<\/p>\n<p>En la actualidad la conformamos decenas de vecinos y vecinas voluntarias del barrio y un equipo de 3 personas t\u00e9cnicas. Equipo t\u00e9cnico, adem\u00e1s de apoyar en la formaci\u00f3n y actividades, se encarga de las labores de gesti\u00f3n y coordinaci\u00f3n con los centros educativos y otros colectivos del barrio.<\/p>\n<p>Como seguramente os hay\u00e1is enterado, hace unos d\u00edas en el pleno del Ayuntamiento Na+ con el Se\u00f1or Alcalde a la cabeza y la colaboraci\u00f3n del PSN han decidido romper el contrato que ten\u00edan desde hace a\u00f1os con la Asociaci\u00f3n y otras 7 asociaciones m\u00e1s de la ciudad\u00a0 para prestar el servicio de prevenci\u00f3n comunitaria, que aparte de un mundo de diferentes actividades de ocio y tiempo libre : Formaciones diversas, ludotecas, apoyos escolar, multideportes, comparsa de gigantes, dantzas, excursiones vecinales, salidas al monte, campamentos, colonias de primavera y verano, actividades de navidad y un largo etc\u00e9tera.<!--more--><\/p>\n<p>La prevenci\u00f3n comunitaria es mucho m\u00e1s que tiempo libre. Realizamos labores de coordinaci\u00f3n con diferentes entidades del barrio y fuera de \u00e9l. Coordinaci\u00f3n con coles, institutos, Asociaci\u00f3n vecinal, Comisi\u00f3n de fiestas, local de personas mayores, centro de salud, parroquia, servicios sociales, Jazar y una largo etc\u00e9tera tambi\u00e9n.<\/p>\n<p>Nuestro modelo de intervenci\u00f3n comunitaria es un modelo que funciona y ha recibido recientemente el reconocimiento del propio Parlamento de Navarra. Abogando por extenderlo a toda Navarra.<\/p>\n<p>Es un modelo que el plan de infancia del propio Ayuntamiento aboga por extenderlo al resto de los barrios de ciudad que cuentan con \u00e9l. Siendo los gobernantes actuales a los que no les ha dado la gana de llevar a cabo. Votando una y otra vez en contra de su extensi\u00f3n.<\/p>\n<p>Ahora, con la excusa que de que van a extender un programa nuevo a todos los barrios de la ciudad. Quieren tirar por la borda algo que est\u00e1 funcionando desde hace d\u00e9cadas en algunos barrios. Dicen que los van a hacer con 1 persona t\u00e9cnica por barrio y sin los cientos de personas voluntarias que hacen ahora mismo posible todas las actividades que se llevan a cabo. \u00bfSe puede hacer m\u00e1s con menos?<\/p>\n<p>Se va a perder un acompa\u00f1amiento de vida que se hace con la chavaler\u00eda de la Asociaci\u00f3n a todas horas y eso no hay persona t\u00e9cnica que lo vaya a poder sustituir.<\/p>\n<p>Todo esto no deja de ser una venganza por haber ganado un juicio este verano al Ayuntamiento porque no nos permit\u00eda hacer actividades para los txikis en el barrio.<\/p>\n<p>\u00bfC\u00f3mo vecina\/o del barrio que te pedimos, necesitamos de ti? Te invitamos a que te sumes al proyecto de barrio que llevamos a cabo para entre todos\/as repensar el futuro de la Asociaci\u00f3n de manera colectiva. Puedes escribirnos al Tf\/whaspp 676529280\u00a0 para ponerte en contacto y te contamos.<\/p>\n<p>Sin ir m\u00e1s lejos invit\u00e1ndote a celebrar un acto de celebraci\u00f3n de los derechos de la infancia y solidaridad con la Asociaci\u00f3n que vamos a llevar este <strong>viernes 20 a las 5,30 de la tarde en el parque del grupo Urdanoz.<\/strong><\/p>\n<p>&nbsp;<\/p>\n<p><strong>Etxabakoitz Bizirik.<\/strong><\/p>\n<p><strong>\u00a1Del barrio y para el barrio!<\/strong><\/p>\n","protected":false},"excerpt":{"rendered":"<p>Somos la Asociaci\u00f3n del barrio Etxabakoitz Bizirik, que llevamos cerca de 20 a\u00f1os promoviendo la defensa de los derechos de los ni\u00f1os y las ni\u00f1as, la convivencia y la cohesi\u00f3n social entre las gentes del barrio. Muchos de vosotras y vosotras nos conocer\u00e9is porque sois cientos de vecinas y vecinos\u00a0 que a lo largo de &#8230; <a title=\"\u00a1Hola barrio!\u00a0 Kaixo auzoa!\" class=\"read-more\" href=\"https:\/\/etxabakoitz.info\/?p=988\" aria-label=\"Leer m\u00e1s sobre \u00a1Hola barrio!\u00a0 Kaixo auzoa!\">Leer m\u00e1s<\/a><\/p>\n","protected":false},"author":1,"featured_media":0,"comment_status":"closed","ping_status":"closed","sticky":false,"template":"","format":"standard","meta":{"footnotes":""},"categories":[5],"tags":[],"class_list":["post-988","post","type-post","status-publish","format-standard","hentry","category-actividadesjarduerak"],"_links":{"self":[{"href":"https:\/\/etxabakoitz.info\/index.php?rest_route=\/wp\/v2\/posts\/988","targetHints":{"allow":["GET"]}}],"collection":[{"href":"https:\/\/etxabakoitz.info\/index.php?rest_route=\/wp\/v2\/posts"}],"about":[{"href":"https:\/\/etxabakoitz.info\/index.php?rest_route=\/wp\/v2\/types\/post"}],"author":[{"embeddable":true,"href":"https:\/\/etxabakoitz.info\/index.php?rest_route=\/wp\/v2\/users\/1"}],"replies":[{"embeddable":true,"href":"https:\/\/etxabakoitz.info\/index.php?rest_route=%2Fwp%2Fv2%2Fcomments&post=988"}],"version-history":[{"count":6,"href":"https:\/\/etxabakoitz.info\/index.php?rest_route=\/wp\/v2\/posts\/988\/revisions"}],"predecessor-version":[{"id":996,"href":"https:\/\/etxabakoitz.info\/index.php?rest_route=\/wp\/v2\/posts\/988\/revisions\/996"}],"wp:attachment":[{"href":"https:\/\/etxabakoitz.info\/index.php?rest_route=%2Fwp%2Fv2%2Fmedia&parent=988"}],"wp:term":[{"taxonomy":"category","embeddable":true,"href":"https:\/\/etxabakoitz.info\/index.php?rest_route=%2Fwp%2Fv2%2Fcategories&post=988"},{"taxonomy":"post_tag","embeddable":true,"href":"https:\/\/etxabakoitz.info\/index.php?rest_route=%2Fwp%2Fv2%2Ftags&post=988"}],"curies":[{"name":"wp","href":"https:\/\/api.w.org\/{rel}","templated":true}]}}