{"id":652,"date":"2016-04-26T13:57:58","date_gmt":"2016-04-26T13:57:58","guid":{"rendered":"http:\/\/etxabakoitz.info\/?p=652"},"modified":"2016-05-18T09:30:14","modified_gmt":"2016-05-18T09:30:14","slug":"por-que-no-nos-gusta-el-convenio-de-colaboracion-entre-el-ayuntamiento-de-pamplona-y-la-administracion-de-justicia","status":"publish","type":"post","link":"https:\/\/etxabakoitz.info\/?p=652","title":{"rendered":"\u00bfPOR Q\u00daE NO NOS GUSTA EL CONVENIO DE COLABORACI\u00d3N ENTRE EL AYUNTAMIENTO DE PAMPLONA Y LA ADMINISTRACI\u00d3N DE JUSTICIA?"},"content":{"rendered":"<p><a href=\"https:\/\/etxabakoitz.info\/wp-content\/uploads\/2016\/04\/images-1.jpg\"><img decoding=\"async\" class=\"alignleft  wp-image-664\" src=\"https:\/\/etxabakoitz.info\/wp-content\/uploads\/2016\/04\/images-1.jpg\" alt=\"images-1\" width=\"183\" height=\"153\" \/><\/a><strong>Tras haber le\u00eddo detenidamente la propuesta de convenio entre la administraci\u00f3n de Justicia y el Ayuntamiento de Pamplona<em>&#8211;<\/em>Iru\u00f1ea, queremos compartir las siguientes valoraciones:<\/strong><\/p>\n<p>&#8211; Hay cuestiones que tienen dif\u00edcil justificaci\u00f3n pedag\u00f3gica, una de ellas es mezclar la legalidad penalista con intenciones socioeducativas. Como siempre mantenemos, entendemos que la educaci\u00f3n es un proceso desde el interior hacia fuera y no a la inversa, por lo tanto la imposici\u00f3n no nos parece valida en t\u00e9rminos educativos. En este sentido es un grave error no respetar los procesos de interiorizaci\u00f3n de cada chico o chica. Adem\u00e1s este acuerdo se basa en la vulneraci\u00f3n de uno de nuestros principios fundamentales como es la libertad a participar en nuestros proyectos sin ning\u00fan tipo de coacciones. Ni lo compart\u00edamos como una condici\u00f3n desde la RIS, ni lo compartimos desde esta modalidad penal. No creemos que la <em>Ley de Responsabilidad Penal del Menor<\/em> o el C\u00f3digo Penal nos deban indicar con quien si y con quien no o como y cuando debemos intervenir, mucho menos cuando la posible tipolog\u00eda de los supuestos \u00abdelitos\u00bb ya sabemos cuales son y a quienes afectan por su condici\u00f3n de clase social desfavorecida. Tiene su gracia que se presente la participaci\u00f3n como \u00abvoluntaria\u00bb, y que el chaval tenga que conocer el recurso y aceptar participar. La primera condici\u00f3n de conocer el recurso es valida, pero la segunda es puro cinismo, ya que \u00e9l o la que no lo acepte se tendr\u00e1 que enfrentar a un juicio. Para muestra las amenazas punitivas con las que el convenio advierte a quienes incumplan la medida, advirti\u00e9ndoles que el Ministerio Fiscal continuar\u00eda con la tramitaci\u00f3n del expediente judicial.<!--more--><\/p>\n<p>&#8211; En el caso de acceder a valorar algunas medidas extrajudiciales, como ya lo hemos hecho en algunas ocasiones con las medidas en medio abierto, entendemos que somos las asociaciones de los barrios quienes deber\u00edamos valorar si ese chaval o chavala se ver\u00eda beneficiado de participar en nuestros proyectos. Aqu\u00ed entendemos aquello de \u00abquitarles el marr\u00f3n\u00bb, pero nada esperamos en t\u00e9rminos educativos de medidas autoritarias. En cualquier caso acceder\u00edamos si nuestra asociaci\u00f3n lo valorase positivo, pero no porque lo diga ning\u00fan equipo t\u00e9cnico judicial porque as\u00ed lo dice la <em>Ley<\/em><em> de Responsabilidad Penal del Menor<\/em> y mucho menos sistematicamente mediante convenio.<\/p>\n<p>&#8211; Otra cuesti\u00f3n que nos ofrece dudas es la de la aceptaci\u00f3n del delito, hay datos que dicen que cerca del 96 % de los juicios de menores acaban en conformidad de las partes (defensa y fiscal\u00eda) Esto es cuestionado por abogadas defensoras de chicos y chicas, ya que afecta al derecho fundamental de defensa, porque se est\u00e1 reconociendo un supuesto delito que se ha podido cometer o no. De aqu\u00ed vienen los servicios a la comunidad y ahora las extrajudiciales para que chicos y chicas \u00abaprendan\u00bb las consecuencias de sus actos, pero que tambi\u00e9n tienen una lectura perversa cuando se reconoce un hecho que no se ha cometido o cuando se institucionaliza el trabajo para la comunidad como formula de castigo. Como se\u00f1alaba Jordi\u00a0 Cabezas \u00absomos partidarias de establecer medidas alternativas al encierro, pero estas medidas sustitutivas est\u00e1n conllevando un aumento de la poblaci\u00f3n a afectada por esta justicia especial\u00bb<a href=\"#_ftn1\" name=\"_ftnref1\">[1]<\/a>.<\/p>\n<p>&#8211; Las intenciones pueden ser muy loables como la de \u00abconstruir un proceso de participaci\u00f3n socioeducativa en su comunidad\u00bb, pero mediante procesos impositivos no se respetan los procesos internos que cada chaval o chavala deben realizar para llegar a madurar, y si no se respetan esos ritmos y momentos dif\u00edcilmente se puede interiorizar aprendizajes.<\/p>\n<p>&#8211; Las formas con las que se ha desarrollado este proceso no nos parecen las adecuadas, sobre todo por la falta de transparencia intencionada o no. Antes de firmar nada se nos debiera haber remitido el documento, y no ir a hechos consumados. Adem\u00e1s nuestra asociaci\u00f3n fue muy cr\u00edtica desde un primer momento.<\/p>\n<p style=\"text-align: center;\">ETXABAKOITZ BIZIRIK<\/p>\n<p style=\"text-align: center;\">Marzo 2016<\/p>\n<p><a href=\"#_ftnref1\" name=\"_ftn1\">[1]<\/a> CABEZAS SALMER\u00d3N, JORDI. \u201cJurisdicci\u00f3n Penal del Menor: \u00bfproteger al menor o protegernos del menor?\u201d. Jornadas sobre maltrato institucional a la infancia y adolescencia. Colectivo de Nadie. Barcelona, 2015.<\/p>\n","protected":false},"excerpt":{"rendered":"<p>Tras haber le\u00eddo detenidamente la propuesta de convenio entre la administraci\u00f3n de Justicia y el Ayuntamiento de Pamplona&#8211;Iru\u00f1ea, queremos compartir las siguientes valoraciones: &#8211; Hay cuestiones que tienen dif\u00edcil justificaci\u00f3n pedag\u00f3gica, una de ellas es mezclar la legalidad penalista con intenciones socioeducativas. Como siempre mantenemos, entendemos que la educaci\u00f3n es un proceso desde el interior &#8230; <a title=\"\u00bfPOR Q\u00daE NO NOS GUSTA EL CONVENIO DE COLABORACI\u00d3N ENTRE EL AYUNTAMIENTO DE PAMPLONA Y LA ADMINISTRACI\u00d3N DE JUSTICIA?\" class=\"read-more\" href=\"https:\/\/etxabakoitz.info\/?p=652\" aria-label=\"Leer m\u00e1s sobre \u00bfPOR Q\u00daE NO NOS GUSTA EL CONVENIO DE COLABORACI\u00d3N ENTRE EL AYUNTAMIENTO DE PAMPLONA Y LA ADMINISTRACI\u00d3N DE JUSTICIA?\">Leer m\u00e1s<\/a><\/p>\n","protected":false},"author":1,"featured_media":0,"comment_status":"closed","ping_status":"closed","sticky":false,"template":"","format":"standard","meta":{"footnotes":""},"categories":[6],"tags":[],"class_list":["post-652","post","type-post","status-publish","format-standard","hentry","category-infanciahaurtzaroa"],"_links":{"self":[{"href":"https:\/\/etxabakoitz.info\/index.php?rest_route=\/wp\/v2\/posts\/652","targetHints":{"allow":["GET"]}}],"collection":[{"href":"https:\/\/etxabakoitz.info\/index.php?rest_route=\/wp\/v2\/posts"}],"about":[{"href":"https:\/\/etxabakoitz.info\/index.php?rest_route=\/wp\/v2\/types\/post"}],"author":[{"embeddable":true,"href":"https:\/\/etxabakoitz.info\/index.php?rest_route=\/wp\/v2\/users\/1"}],"replies":[{"embeddable":true,"href":"https:\/\/etxabakoitz.info\/index.php?rest_route=%2Fwp%2Fv2%2Fcomments&post=652"}],"version-history":[{"count":8,"href":"https:\/\/etxabakoitz.info\/index.php?rest_route=\/wp\/v2\/posts\/652\/revisions"}],"predecessor-version":[{"id":669,"href":"https:\/\/etxabakoitz.info\/index.php?rest_route=\/wp\/v2\/posts\/652\/revisions\/669"}],"wp:attachment":[{"href":"https:\/\/etxabakoitz.info\/index.php?rest_route=%2Fwp%2Fv2%2Fmedia&parent=652"}],"wp:term":[{"taxonomy":"category","embeddable":true,"href":"https:\/\/etxabakoitz.info\/index.php?rest_route=%2Fwp%2Fv2%2Fcategories&post=652"},{"taxonomy":"post_tag","embeddable":true,"href":"https:\/\/etxabakoitz.info\/index.php?rest_route=%2Fwp%2Fv2%2Ftags&post=652"}],"curies":[{"name":"wp","href":"https:\/\/api.w.org\/{rel}","templated":true}]}}