{"id":542,"date":"2015-05-26T19:09:23","date_gmt":"2015-05-26T19:09:23","guid":{"rendered":"http:\/\/etxabakoitz.info\/?p=542"},"modified":"2015-08-25T11:45:58","modified_gmt":"2015-08-25T11:45:58","slug":"jornada-sobre-maltrato-institucional-a-la-infancia-haurren-tratu-txar-instituzionalaren-inguruko-jardunaldia%e2%80%8f","status":"publish","type":"post","link":"https:\/\/etxabakoitz.info\/?p=542","title":{"rendered":"JORNADA SOBRE MALTRATO INSTITUCIONAL A LA INFANCIA \/ HAURREN TRATU TXAR INSTITUZIONALAREN INGURUKO JARDUNALDIA\u200f"},"content":{"rendered":"<p><a href=\"https:\/\/etxabakoitz.info\/wp-content\/uploads\/2015\/05\/JORNADAS-maltrato-institucional-ETX.jpg\"><img fetchpriority=\"high\" decoding=\"async\" class=\"alignleft size-full wp-image-544\" src=\"https:\/\/etxabakoitz.info\/wp-content\/uploads\/2015\/05\/JORNADAS-maltrato-institucional-ETX.jpg\" alt=\"JORNADAS maltrato institucional ETX\" width=\"618\" height=\"463\" srcset=\"https:\/\/etxabakoitz.info\/wp-content\/uploads\/2015\/05\/JORNADAS-maltrato-institucional-ETX.jpg 960w, https:\/\/etxabakoitz.info\/wp-content\/uploads\/2015\/05\/JORNADAS-maltrato-institucional-ETX-300x225.jpg 300w\" sizes=\"(max-width: 618px) 100vw, 618px\" \/><\/a><\/p>\n<p>Las asociaciones infanto-juveniles de los barrios de Iru\u00f1ea (Umetxea, Batean, Bideberri, Yoar, Etxabakoitz Bizirik y Aldezar) hemos organizado una jornada sobre el maltrato institucional a la infancia, que se celebrar\u00e1 el pr\u00f3ximo 6 de junio y que ser\u00e1 impartida por el colectivo La Colla Xicalla de Valencia. Tenemos inter\u00e9s en conocer y analizar, desde una perspectiva cr\u00edtica, las pol\u00edticas y la acci\u00f3n social en torno a los ni\u00f1os, ni\u00f1as y adolescentes, en especial las repercusiones que \u00e9stas tienen en nuestros barrios. La Colla Xicalla es un colectivo de Valencia que, con casi 20 a\u00f1os de historia, trabaja a favor de los derechos de los chavales y chavalas, y en denuncia de la situaci\u00f3n de desprotecci\u00f3n y maltrato institucional infringido a esos mismos chicos y chicas.<br \/>\nLas inscripciones las pod\u00e9is realizar por email en encerrandonoseeduca@gmail.com o en cualquiera de las asociaciones organizadoras.<\/p>\n<p><em>Iru\u00f1eko auzoetako haur eta gazte elkarteek (Umetxea, Batean, Bideberri,Yoar, Etxabakoitz Bizirik eta Aldezar) haurtzaroari erakundeek egindako tratu txarraren inguruko jardunaldi bat antolatu dugu, heldu den ekainaren 6an ospatuko da Balentziako La Colla Xicalla elkartearen eskutik. Ikuspuntu kritiko batetik, gazte nerabeengan eragina duten politikak eta giza ekintzak ezagutu eta aztertzeko interesa dugu eta horiek gure auzoetan dituzten ondorioak bereziki<\/em>.<\/p>\n<p><em>Izena emailez, encerrandonoseeduca@gmail.com edo elkarte antolatzailera hurbilduz.<\/em><\/p>\n<p><strong>PROGRAMACI\u00d2N \/<em> EGITARAUA<\/em><\/strong><\/p>\n<p>S\u00e1bado 6 de junio 2015, en el espacio creativo Jazar (Avenida Arostegui-Etxabakoitz) A cargo de La Colla Xicalla, Valencia. Aportaci\u00f3n 5 \u20ac, con comida 12 \u20ac<\/p>\n<p>2015eko ekainaren 6an, larunbatean, Jazar sormen gunean (Arostegi etorbidea, Etxabakoitz) Valentziako La Colla Xicalla elkartaren eskutik. Diru laguntza 5\u20ac, bazkariarekin 12\u20ac<\/p>\n<p><strong>MALTRATO INSTITUCIONAL. PROTECCI\u00d3N Y REFORMA. De ni\u00f1@s en peligro a ni\u00f1@s peligros@s. Encerrando no se educa. \/<em> HAURREN TRATU TXAR INSTITUZIONALAREN INGURUKO JARDUNALDIA. BABESA ETA ERREFORMA: \u201cArriskuan dauden haurretatik, haur arriskutsuetara. Giltzaperatuz ez dago hezitzerik<\/em>\u201d<\/strong><!--more--><\/p>\n<p>10:00 h.- Aurkezpena \/ Presentaci\u00f3n de las Jornadas y de La Colla Xicalla<\/p>\n<p>10:30 h.- Pase del corto \u201cLa Tama\u201d<\/p>\n<p>11:00 h.- Exposici\u00f3n y debate: REFORMA, EL NEGOCIO DEL ENCIERRO.<\/p>\n<p>12:00 h.- Atsenaldia \/ Descanso<\/p>\n<p>12:30 h.- La ley de responsabilidad penal de menores<\/p>\n<p>13:00 h.- Din\u00e1mica: \u201cSentimiento de prisi\u00f3n\u201d<\/p>\n<p>13:30 h.- Bazkaria \/ Descanso y comida vegana de las cocineras de Jazar, men\u00fa:<\/p>\n<p>16:00 h.- Pase del documental: \u201cSi vuelvo me mato\u201d<\/p>\n<p>16:30 h.- Exposici\u00f3n: PROTECCI\u00d3N, EL OTRO GRAN NEGOCIO.<\/p>\n<p>18:00 h.- Eztabaida irekia \/ Debate abierto.<\/p>\n<p>19:00 h.- Jardunaldiaren itxiera \/ Cierre jornada.<\/p>\n","protected":false},"excerpt":{"rendered":"<p>Las asociaciones infanto-juveniles de los barrios de Iru\u00f1ea (Umetxea, Batean, Bideberri, Yoar, Etxabakoitz Bizirik y Aldezar) hemos organizado una jornada sobre el maltrato institucional a la infancia, que se celebrar\u00e1 el pr\u00f3ximo 6 de junio y que ser\u00e1 impartida por el colectivo La Colla Xicalla de Valencia. Tenemos inter\u00e9s en conocer y analizar, desde una &#8230; <a title=\"JORNADA SOBRE MALTRATO INSTITUCIONAL A LA INFANCIA \/ HAURREN TRATU TXAR INSTITUZIONALAREN INGURUKO JARDUNALDIA\u200f\" class=\"read-more\" href=\"https:\/\/etxabakoitz.info\/?p=542\" aria-label=\"Leer m\u00e1s sobre JORNADA SOBRE MALTRATO INSTITUCIONAL A LA INFANCIA \/ HAURREN TRATU TXAR INSTITUZIONALAREN INGURUKO JARDUNALDIA\u200f\">Leer m\u00e1s<\/a><\/p>\n","protected":false},"author":1,"featured_media":0,"comment_status":"closed","ping_status":"closed","sticky":false,"template":"","format":"standard","meta":{"footnotes":""},"categories":[6],"tags":[],"class_list":["post-542","post","type-post","status-publish","format-standard","hentry","category-infanciahaurtzaroa"],"_links":{"self":[{"href":"https:\/\/etxabakoitz.info\/index.php?rest_route=\/wp\/v2\/posts\/542","targetHints":{"allow":["GET"]}}],"collection":[{"href":"https:\/\/etxabakoitz.info\/index.php?rest_route=\/wp\/v2\/posts"}],"about":[{"href":"https:\/\/etxabakoitz.info\/index.php?rest_route=\/wp\/v2\/types\/post"}],"author":[{"embeddable":true,"href":"https:\/\/etxabakoitz.info\/index.php?rest_route=\/wp\/v2\/users\/1"}],"replies":[{"embeddable":true,"href":"https:\/\/etxabakoitz.info\/index.php?rest_route=%2Fwp%2Fv2%2Fcomments&post=542"}],"version-history":[{"count":12,"href":"https:\/\/etxabakoitz.info\/index.php?rest_route=\/wp\/v2\/posts\/542\/revisions"}],"predecessor-version":[{"id":589,"href":"https:\/\/etxabakoitz.info\/index.php?rest_route=\/wp\/v2\/posts\/542\/revisions\/589"}],"wp:attachment":[{"href":"https:\/\/etxabakoitz.info\/index.php?rest_route=%2Fwp%2Fv2%2Fmedia&parent=542"}],"wp:term":[{"taxonomy":"category","embeddable":true,"href":"https:\/\/etxabakoitz.info\/index.php?rest_route=%2Fwp%2Fv2%2Fcategories&post=542"},{"taxonomy":"post_tag","embeddable":true,"href":"https:\/\/etxabakoitz.info\/index.php?rest_route=%2Fwp%2Fv2%2Ftags&post=542"}],"curies":[{"name":"wp","href":"https:\/\/api.w.org\/{rel}","templated":true}]}}