{"id":2557,"date":"2026-09-01T10:35:09","date_gmt":"2026-09-01T10:35:09","guid":{"rendered":"https:\/\/etxabakoitz.info\/?p=2557"},"modified":"2026-09-01T10:51:44","modified_gmt":"2026-09-01T10:51:44","slug":"difusion-actividades-asociacion-para-el-curso-escolar-2026-2027","status":"publish","type":"post","link":"https:\/\/etxabakoitz.info\/?p=2557","title":{"rendered":"Actividades semanales \u00b7 Curso 2026-2027 \u00b7 Asteko jarduerak"},"content":{"rendered":"<div style=\"display: flex; gap: 30px; align-items: flex-start; flex-wrap: wrap;\">\n<div style=\"flex: 1; min-width: 300px;\">\n<h3>Actividades semanales \u00b7 Curso 2026-2027<\/h3>\n<p>\u00a1Comenzamos un nuevo curso en <strong>Etxabakoitz Bizirik<\/strong>!<\/p>\n<p>Durante el curso 2026-2027 continuamos ofreciendo espacios socioeducativos, de ocio, encuentro y participaci\u00f3n para la infancia y adolescencia del barrio. Acompa\u00f1amiento escolar, ludoteca, Gigantes Txikis, multideporte y Espacio Joven forman parte de nuestra programaci\u00f3n semanal.<\/p>\n<p>Queremos que sean espacios <strong>abiertos, inclusivos y diversos<\/strong>, donde ni\u00f1as, ni\u00f1os y adolescentes puedan aprender, divertirse, relacionarse y participar, creciendo juntas y juntos desde el respeto y la igualdad de oportunidades.<\/p>\n<p><strong>&#x1f4c5; Inscripciones presenciales del 21 al 25 de septiembre<\/strong> en la Asociaci\u00f3n Etxabakoitz Bizirik.<\/p>\n<p>Consulta en el cartel los grupos, edades, horarios y lugares de cada actividad.<\/p>\n<\/div>\n<div style=\"flex: 1; min-width: 300px;\">\n<h3>Asteko jarduerak \u00b7 2026-2027 ikasturtea<\/h3>\n<p>Ikasturte berri bati ekingo diogu <strong>Etxabakoitz Bizirik-en<\/strong>!<\/p>\n<p>2026-2027 ikasturtean, auzoko haur eta nerabeentzako gune soziohezitzaileak, aisialdikoak, topaketakoak eta parte-hartzekoak eskaintzen jarraituko dugu. Eskola-laguntza, ludoteka, Gigantes Txikis, multikirolak eta Gaztegunea izango dira gure asteko programazioaren parte.<\/p>\n<p>Gune <strong>irekiak, inklusiboak eta anitzak<\/strong> izatea nahi dugu, haurrek eta nerabeek ikasi, gozatu, elkarrekin harremanak izan eta parte hartu ahal izan dezaten, errespetuan eta aukera-berdintasunean elkarrekin haziz.<\/p>\n<p><strong>&#x1f4c5; Aurrez aurreko izen-emateak irailaren 21etik 25era<\/strong>, Etxabakoitz Bizirik Elkartean.<\/p>\n<p>Jarduera bakoitzaren taldeak, adinak, ordutegiak eta lekuak kartelean kontsulta ditzakezu.<\/p>\n<\/div>\n<\/div>\n<p><a href=\"https:\/\/etxabakoitz.info\/wp-content\/uploads\/2026\/09\/Cartel-Actividades-Curso-2026-2027_con-logos-institucionales.png\"><img loading=\"lazy\" decoding=\"async\" class=\"size-large wp-image-2558 aligncenter\" src=\"https:\/\/etxabakoitz.info\/wp-content\/uploads\/2026\/09\/Cartel-Actividades-Curso-2026-2027_con-logos-institucionales-683x1024.png\" alt=\"Programa Actividades Curso Escolar 2026-27\" width=\"683\" height=\"1024\" srcset=\"https:\/\/etxabakoitz.info\/wp-content\/uploads\/2026\/09\/Cartel-Actividades-Curso-2026-2027_con-logos-institucionales-683x1024.png 683w, https:\/\/etxabakoitz.info\/wp-content\/uploads\/2026\/09\/Cartel-Actividades-Curso-2026-2027_con-logos-institucionales-200x300.png 200w, https:\/\/etxabakoitz.info\/wp-content\/uploads\/2026\/09\/Cartel-Actividades-Curso-2026-2027_con-logos-institucionales-768x1152.png 768w, https:\/\/etxabakoitz.info\/wp-content\/uploads\/2026\/09\/Cartel-Actividades-Curso-2026-2027_con-logos-institucionales.png 1024w\" sizes=\"auto, (max-width: 683px) 100vw, 683px\" \/><\/a><\/p>\n","protected":false},"excerpt":{"rendered":"<p>Actividades semanales \u00b7 Curso 2026-2027 \u00a1Comenzamos un nuevo curso en Etxabakoitz Bizirik! Durante el curso 2026-2027 continuamos ofreciendo espacios socioeducativos, de ocio, encuentro y participaci\u00f3n para la infancia y adolescencia del barrio. Acompa\u00f1amiento escolar, ludoteca, Gigantes Txikis, multideporte y Espacio Joven forman parte de nuestra programaci\u00f3n semanal. Queremos que sean espacios abiertos, inclusivos y diversos, &#8230; <a title=\"Actividades semanales \u00b7 Curso 2026-2027 \u00b7 Asteko jarduerak\" class=\"read-more\" href=\"https:\/\/etxabakoitz.info\/?p=2557\" aria-label=\"Leer m\u00e1s sobre Actividades semanales \u00b7 Curso 2026-2027 \u00b7 Asteko jarduerak\">Leer m\u00e1s<\/a><\/p>\n","protected":false},"author":2,"featured_media":0,"comment_status":"closed","ping_status":"closed","sticky":false,"template":"","format":"standard","meta":{"footnotes":""},"categories":[15,17],"tags":[],"class_list":["post-2557","post","type-post","status-publish","format-standard","hentry","category-difusion_y_convocatorias","category-noticias"],"_links":{"self":[{"href":"https:\/\/etxabakoitz.info\/index.php?rest_route=\/wp\/v2\/posts\/2557","targetHints":{"allow":["GET"]}}],"collection":[{"href":"https:\/\/etxabakoitz.info\/index.php?rest_route=\/wp\/v2\/posts"}],"about":[{"href":"https:\/\/etxabakoitz.info\/index.php?rest_route=\/wp\/v2\/types\/post"}],"author":[{"embeddable":true,"href":"https:\/\/etxabakoitz.info\/index.php?rest_route=\/wp\/v2\/users\/2"}],"replies":[{"embeddable":true,"href":"https:\/\/etxabakoitz.info\/index.php?rest_route=%2Fwp%2Fv2%2Fcomments&post=2557"}],"version-history":[{"count":4,"href":"https:\/\/etxabakoitz.info\/index.php?rest_route=\/wp\/v2\/posts\/2557\/revisions"}],"predecessor-version":[{"id":2562,"href":"https:\/\/etxabakoitz.info\/index.php?rest_route=\/wp\/v2\/posts\/2557\/revisions\/2562"}],"wp:attachment":[{"href":"https:\/\/etxabakoitz.info\/index.php?rest_route=%2Fwp%2Fv2%2Fmedia&parent=2557"}],"wp:term":[{"taxonomy":"category","embeddable":true,"href":"https:\/\/etxabakoitz.info\/index.php?rest_route=%2Fwp%2Fv2%2Fcategories&post=2557"},{"taxonomy":"post_tag","embeddable":true,"href":"https:\/\/etxabakoitz.info\/index.php?rest_route=%2Fwp%2Fv2%2Ftags&post=2557"}],"curies":[{"name":"wp","href":"https:\/\/api.w.org\/{rel}","templated":true}]}}