{"id":1138,"date":"2021-07-30T15:12:19","date_gmt":"2021-07-30T15:12:19","guid":{"rendered":"http:\/\/etxabakoitz.info\/?p=1138"},"modified":"2021-07-30T15:15:30","modified_gmt":"2021-07-30T15:15:30","slug":"local-de-mayores-de-etxabakoitz-asociacion-vecinal-de-etxabakoitz","status":"publish","type":"post","link":"https:\/\/etxabakoitz.info\/?p=1138","title":{"rendered":"Local de mayores de Etxabakoitz"},"content":{"rendered":"<p><a href=\"https:\/\/etxabakoitz.info\/wp-content\/uploads\/2021\/07\/centro-mayores-etx.jpg\"><img fetchpriority=\"high\" decoding=\"async\" class=\"alignleft size-medium wp-image-1139\" src=\"https:\/\/etxabakoitz.info\/wp-content\/uploads\/2021\/07\/centro-mayores-etx-300x169.jpg\" alt=\"\" width=\"300\" height=\"169\" srcset=\"https:\/\/etxabakoitz.info\/wp-content\/uploads\/2021\/07\/centro-mayores-etx-300x169.jpg 300w, https:\/\/etxabakoitz.info\/wp-content\/uploads\/2021\/07\/centro-mayores-etx-768x432.jpg 768w, https:\/\/etxabakoitz.info\/wp-content\/uploads\/2021\/07\/centro-mayores-etx.jpg 1010w\" sizes=\"(max-width: 300px) 100vw, 300px\" \/><\/a><strong>Os dejamos aqu\u00ed este escrito de opini\u00f3n de la Asociaci\u00f3n Vecinal de Etxabakoitz en el que se alerta del riesgo de cierre del Centro de Mayores del barrio:<\/strong><\/p>\n<p>\u00abTras el art\u00edculo recientemente publicado en alg\u00fan medio de comunicaci\u00f3n en el que se afirma \u00abtodos los centros de mayores llevaban cerrados desde marzo 2020\u00bb y en vista de que no se menciona el local de mayores de Etxabakoitz, nos gustar\u00eda comentar la situaci\u00f3n en la que nos encontramos en el barrio.<!--more--><\/p>\n<p>El pasado 28 de mayo se cumplieron tres a\u00f1os desde que comenz\u00f3 un nuevo proyecto pionero en el barrio pamplon\u00e9s de Etxabakoitz. Un convenio, firmado para tres a\u00f1os, con Fundaciones Caja Navarra y la Caixa (encargadas de la financiaci\u00f3n), Ayuntamiento de Pamplona (propietario del local) y Asociaci\u00f3n Vecinal de Etxabakoitz (gestora del proyecto), que buscaba impulsar un nuevo modelo de gesti\u00f3n del local de Mayores de Etxabakoitz e incluso, pensando a largo plazo, en el resto de locales de Mayores de la ciudad. Un proyecto con las personas mayores de nuestro barrio, donde la participaci\u00f3n de estas se convirtiese en la herramienta m\u00e1s importante de trabajo.<\/p>\n<p>Contando con la figura profesional de una dinamizadora, hemos conseguido los objetivos que nos planteamos en nuestros inicios. Hacer de nuestro local un punto de encuentro y convivencia, donde a trav\u00e9s de la participaci\u00f3n nuestras necesidades y demandas fuesen cubiertas.<\/p>\n<p>Todas las personas que formamos parte del local sentimos un compromiso con \u00e9l. Por ello, cada una aportamos aquello que sabemos hacer, juntas participamos en la toma de decisiones, trabajamos d\u00eda a d\u00eda para atraer a nuevas personas y colaboramos para enriquecer nuestro proyecto.<\/p>\n<p>En marzo de 2020, por covid-19, nos vimos obligadas a cerrar las instalaciones y a reestructurar nuestro trabajo. Durante el confinamiento, se hizo un seguimiento y acompa\u00f1amiento telef\u00f3nico a nuestros usuarios y usuarias. Donde por supuesto, en los casos que fue necesario, se coordin\u00f3 con la Red de Cuidados del Barrio para cubrir las necesidades de nuestros mayores.<\/p>\n<p>Adem\u00e1s de esto, en verano, llevamos a cabo talleres de Estimulaci\u00f3n Cognitiva, sesiones de cine f\u00f3rum, reparto de libros, de materiales l\u00fadicos y deportivos.<\/p>\n<p>Pero todo esto era insuficiente para atender con calidad y calidez, por lo que nos pusimos a trabajar en la reapertura del local. Durante el mes de setiembre se reorganiz\u00f3 el proyecto, sus actividades y los aforos en base a las posibilidades del momento y las medidas covid, con el fin de garantizar en todo momento la seguridad y salud de todas las personas participantes.<\/p>\n<p>El 1 de octubre abrimos las puertas y a d\u00eda de hoy, no las hemos cerrado ni un d\u00eda. Esto ha sido gracias al compromiso, precauci\u00f3n y respeto de todas las personas que hemos acudido al local en este a\u00f1o. Un curso diferente pero, sin duda, en el que nos hemos hecho m\u00e1s fuertes, hemos progresado en nuestro proyecto y demostrado, una vez m\u00e1s, lo importante e imprescindible que es este para las personas mayores de Etxabakoitz.<\/p>\n<p>En este momento, nos encontramos con un serio problema, y es que, mientras otros locales de la ciudad programan su reapertura con un modelo como el nuestro, nosotras nos vemos ante un cierre inminente del local. \u00c9ramos conscientes de que este era nuestro tercer y \u00faltimo a\u00f1o de convenio, por lo que desde enero llevamos trabajando y defendiendo la continuidad del proyecto ante el Ayuntamiento de Pamplona, Fundaci\u00f3n Caja Navarra y Fundaci\u00f3n La Caixa, pero a d\u00eda de hoy no tenemos ni financiaci\u00f3n ni compromiso que nos permita continuar con calidad nuestro servicio.<\/p>\n<p>Exigimos voluntad pol\u00edtica para continuar construyendo este proyecto. Trabajar con esta incertidumbre es muy complicado y Etxabakoitz no se merece perder tambi\u00e9n este servicio.\u00bb<\/p>\n","protected":false},"excerpt":{"rendered":"<p>Os dejamos aqu\u00ed este escrito de opini\u00f3n de la Asociaci\u00f3n Vecinal de Etxabakoitz en el que se alerta del riesgo de cierre del Centro de Mayores del barrio: \u00abTras el art\u00edculo recientemente publicado en alg\u00fan medio de comunicaci\u00f3n en el que se afirma \u00abtodos los centros de mayores llevaban cerrados desde marzo 2020\u00bb y en &#8230; <a title=\"Local de mayores de Etxabakoitz\" class=\"read-more\" href=\"https:\/\/etxabakoitz.info\/?p=1138\" aria-label=\"Leer m\u00e1s sobre Local de mayores de Etxabakoitz\">Leer m\u00e1s<\/a><\/p>\n","protected":false},"author":2,"featured_media":0,"comment_status":"closed","ping_status":"closed","sticky":false,"template":"","format":"standard","meta":{"footnotes":""},"categories":[4],"tags":[],"class_list":["post-1138","post","type-post","status-publish","format-standard","hentry","category-etxabakoitz"],"_links":{"self":[{"href":"https:\/\/etxabakoitz.info\/index.php?rest_route=\/wp\/v2\/posts\/1138","targetHints":{"allow":["GET"]}}],"collection":[{"href":"https:\/\/etxabakoitz.info\/index.php?rest_route=\/wp\/v2\/posts"}],"about":[{"href":"https:\/\/etxabakoitz.info\/index.php?rest_route=\/wp\/v2\/types\/post"}],"author":[{"embeddable":true,"href":"https:\/\/etxabakoitz.info\/index.php?rest_route=\/wp\/v2\/users\/2"}],"replies":[{"embeddable":true,"href":"https:\/\/etxabakoitz.info\/index.php?rest_route=%2Fwp%2Fv2%2Fcomments&post=1138"}],"version-history":[{"count":4,"href":"https:\/\/etxabakoitz.info\/index.php?rest_route=\/wp\/v2\/posts\/1138\/revisions"}],"predecessor-version":[{"id":1143,"href":"https:\/\/etxabakoitz.info\/index.php?rest_route=\/wp\/v2\/posts\/1138\/revisions\/1143"}],"wp:attachment":[{"href":"https:\/\/etxabakoitz.info\/index.php?rest_route=%2Fwp%2Fv2%2Fmedia&parent=1138"}],"wp:term":[{"taxonomy":"category","embeddable":true,"href":"https:\/\/etxabakoitz.info\/index.php?rest_route=%2Fwp%2Fv2%2Fcategories&post=1138"},{"taxonomy":"post_tag","embeddable":true,"href":"https:\/\/etxabakoitz.info\/index.php?rest_route=%2Fwp%2Fv2%2Ftags&post=1138"}],"curies":[{"name":"wp","href":"https:\/\/api.w.org\/{rel}","templated":true}]}}