{"id":1005,"date":"2021-01-08T00:20:41","date_gmt":"2021-01-08T00:20:41","guid":{"rendered":"http:\/\/etxabakoitz.info\/?p=1005"},"modified":"2021-01-10T19:19:56","modified_gmt":"2021-01-10T19:19:56","slug":"etxabakoitz-bizirik-aurrera","status":"publish","type":"post","link":"https:\/\/etxabakoitz.info\/?p=1005","title":{"rendered":"Por los derechos de los ni\u00f1os y ni\u00f1as de Etxabakoitz \/ Etxabakoitzeko haurren eskubideen alde"},"content":{"rendered":"<p><iframe title=\"Por los derechos de los ni\u00f1os y ni\u00f1as de Etxabakoitz \/ Etxabakoitzeko haurren eskubideen alde\" width=\"1200\" height=\"675\" src=\"https:\/\/www.youtube.com\/embed\/eZDvaOp1uOE?feature=oembed\" frameborder=\"0\" allow=\"accelerometer; autoplay; clipboard-write; encrypted-media; gyroscope; picture-in-picture\" allowfullscreen><\/iframe><\/p>\n<p>El pasado 20 de noviembre, D\u00eda Internacional de los Derechos del Ni\u00f1o y la Ni\u00f1a, quisimos reivindicar lo que Etxabakoitz Bizirik ha supuesto para este barrio durante estos \u00faltimos 20 a\u00f1os. Tambi\u00e9n para denunciar al Ayuntamiento de Pamplona-Irunea por dejar a las y los txikis y al barrio en general sin todo lo que supone el servicio de prevenci\u00f3n comunitaria.<\/p>\n<p>Porque la asociaci\u00f3n es mucho m\u00e1s que una serie de actividades para ni\u00f1os, ni\u00f1as y adolescentes. Es tambi\u00e9n un espacio socio-educativo para fomentar la verdadera participaci\u00f3n y el protagonismo infantil como herramientas educativas. Un lugar para impulsar la convivencia intercultural para todo el barrio y para favorecer la cohesi\u00f3n social de sus vecinos y vecinas. Un acompa\u00f1amiento para la vida a la chavaler\u00eda del barrio, con un equipo de educadoras\/es que est\u00e1n siempre en los momentos que los chavales\/as lo necesitan. Es el desarrollo comunitario que cualquier ayuntamiento que creyera en la participaci\u00f3n ciudadana no hubiera despreciado. Con un local abierto a todo el mundo, donde sus educadores\/as atienden cualquier tipo de demanda vecinal. Ese local llamado el piso, donde a trav\u00e9s del vinculo, el apego y la amistad pedag\u00f3gica se convierten en el mejor camino para el aprendizaje de valores como la solidaridad, el compa\u00f1erismo o la implicaci\u00f3n comunitaria&#8230; Todo eso y mucho m\u00e1s, algo que nunca podr\u00e1n conseguir quienes no creen en el valor comunitario ni en las posibilidades de las gentes de este barrio, por mucho nombre en ingl\u00e9s que le quieran poner.<\/p>\n","protected":false},"excerpt":{"rendered":"<p>El pasado 20 de noviembre, D\u00eda Internacional de los Derechos del Ni\u00f1o y la Ni\u00f1a, quisimos reivindicar lo que Etxabakoitz Bizirik ha supuesto para este barrio durante estos \u00faltimos 20 a\u00f1os. Tambi\u00e9n para denunciar al Ayuntamiento de Pamplona-Irunea por dejar a las y los txikis y al barrio en general sin todo lo que supone &#8230; <a title=\"Por los derechos de los ni\u00f1os y ni\u00f1as de Etxabakoitz \/ Etxabakoitzeko haurren eskubideen alde\" class=\"read-more\" href=\"https:\/\/etxabakoitz.info\/?p=1005\" aria-label=\"Leer m\u00e1s sobre Por los derechos de los ni\u00f1os y ni\u00f1as de Etxabakoitz \/ Etxabakoitzeko haurren eskubideen alde\">Leer m\u00e1s<\/a><\/p>\n","protected":false},"author":2,"featured_media":0,"comment_status":"closed","ping_status":"closed","sticky":false,"template":"","format":"video","meta":{"footnotes":""},"categories":[4],"tags":[],"class_list":["post-1005","post","type-post","status-publish","format-video","hentry","category-etxabakoitz","post_format-post-format-video"],"_links":{"self":[{"href":"https:\/\/etxabakoitz.info\/index.php?rest_route=\/wp\/v2\/posts\/1005","targetHints":{"allow":["GET"]}}],"collection":[{"href":"https:\/\/etxabakoitz.info\/index.php?rest_route=\/wp\/v2\/posts"}],"about":[{"href":"https:\/\/etxabakoitz.info\/index.php?rest_route=\/wp\/v2\/types\/post"}],"author":[{"embeddable":true,"href":"https:\/\/etxabakoitz.info\/index.php?rest_route=\/wp\/v2\/users\/2"}],"replies":[{"embeddable":true,"href":"https:\/\/etxabakoitz.info\/index.php?rest_route=%2Fwp%2Fv2%2Fcomments&post=1005"}],"version-history":[{"count":4,"href":"https:\/\/etxabakoitz.info\/index.php?rest_route=\/wp\/v2\/posts\/1005\/revisions"}],"predecessor-version":[{"id":1010,"href":"https:\/\/etxabakoitz.info\/index.php?rest_route=\/wp\/v2\/posts\/1005\/revisions\/1010"}],"wp:attachment":[{"href":"https:\/\/etxabakoitz.info\/index.php?rest_route=%2Fwp%2Fv2%2Fmedia&parent=1005"}],"wp:term":[{"taxonomy":"category","embeddable":true,"href":"https:\/\/etxabakoitz.info\/index.php?rest_route=%2Fwp%2Fv2%2Fcategories&post=1005"},{"taxonomy":"post_tag","embeddable":true,"href":"https:\/\/etxabakoitz.info\/index.php?rest_route=%2Fwp%2Fv2%2Ftags&post=1005"}],"curies":[{"name":"wp","href":"https:\/\/api.w.org\/{rel}","templated":true}]}}